{"id":541,"date":"2016-06-21T22:25:38","date_gmt":"2016-06-21T20:25:38","guid":{"rendered":"http:\/\/www.arvid-bauer.de\/data\/?p=541"},"modified":"2017-06-07T14:19:28","modified_gmt":"2017-06-07T12:19:28","slug":"gedruckte-kamerahalterung-fuer-fatshark-tvl700-v2","status":"publish","type":"post","link":"https:\/\/www.arvid-bauer.de\/data\/gedruckte-kamerahalterung-fuer-fatshark-tvl700-v2\/","title":{"rendered":"Gedruckte Kamerahalterung f\u00fcr FatShark 600TVL \/ 700TVL"},"content":{"rendered":"<p>Es ist soweit! Das Warten hat ein Ende, die schlaflosen N\u00e4chte sind vorbei, die nerv\u00f6se Unruhe verflogen, denn nachdem ich meinen DTI Diatone Silver Blade 250 Frame vermessen und die erforderlichen Daten an <a href=\"http:\/\/www.jetantriebe.de\/\" target=\"_blank\" rel=\"noopener noreferrer\">jetantriebe.de<\/a> geschickt habe, kam innerhalb von nur einer Woche die Sonderanfertigung meiner Kamerahalterung zu mir nach Hause. Mein erster\u00a0Eindruck? Sieht wirklich danach aus, als\u00a0k\u00f6nnte diese Halterung das Kabelbindergewirr endlich abl\u00f6sen!<\/p>\n<h3>Lieferumfang<\/h3>\n<p>Geliefert wurde die Kamerahalterung gut verpackt im T\u00fctchen und einem kleinen gepolsterten Karton. So konnte w\u00e4hrend des Transports nix verrutschen, verkratzen oder kaputt gehen.<\/p>\n<div id='gallery-1' class='gallery galleryid-541 gallery-columns-4 gallery-size-thumbnail'><figure class='gallery-item'>\n\t\t\t<div class='gallery-icon landscape'>\n\t\t\t\t<a href='https:\/\/www.arvid-bauer.de\/data\/wp-content\/uploads\/2016\/06\/IMG_2297.jpg' title=\"\" data-rl_title=\"\" class=\"rl-gallery-link\" data-rl_caption=\"\" data-rel=\"lightbox-gallery-1\"><img loading=\"lazy\" decoding=\"async\" width=\"150\" height=\"150\" src=\"https:\/\/www.arvid-bauer.de\/data\/wp-content\/uploads\/2016\/06\/IMG_2297-150x150.jpg\" class=\"attachment-thumbnail size-thumbnail\" alt=\"FPV Kamerahalterung Seite\" aria-describedby=\"gallery-1-551\" srcset=\"https:\/\/www.arvid-bauer.de\/data\/wp-content\/uploads\/2016\/06\/IMG_2297-150x150.jpg 150w, https:\/\/www.arvid-bauer.de\/data\/wp-content\/uploads\/2016\/06\/IMG_2297-60x60.jpg 60w\" sizes=\"auto, (max-width: 150px) 100vw, 150px\" \/><\/a>\n\t\t\t<\/div>\n\t\t\t\t<figcaption class='wp-caption-text gallery-caption' id='gallery-1-551'>\n\t\t\t\tFPV Kamerahalterung Seite\n\t\t\t\t<\/figcaption><\/figure><figure class='gallery-item'>\n\t\t\t<div class='gallery-icon landscape'>\n\t\t\t\t<a href='https:\/\/www.arvid-bauer.de\/data\/wp-content\/uploads\/2016\/06\/IMG_2298.jpg' title=\"\" data-rl_title=\"\" class=\"rl-gallery-link\" data-rl_caption=\"\" data-rel=\"lightbox-gallery-1\"><img loading=\"lazy\" decoding=\"async\" width=\"150\" height=\"150\" src=\"https:\/\/www.arvid-bauer.de\/data\/wp-content\/uploads\/2016\/06\/IMG_2298-150x150.jpg\" class=\"attachment-thumbnail size-thumbnail\" alt=\"FPV Kamerahalterung Hinten\" aria-describedby=\"gallery-1-552\" srcset=\"https:\/\/www.arvid-bauer.de\/data\/wp-content\/uploads\/2016\/06\/IMG_2298-150x150.jpg 150w, https:\/\/www.arvid-bauer.de\/data\/wp-content\/uploads\/2016\/06\/IMG_2298-60x60.jpg 60w\" sizes=\"auto, (max-width: 150px) 100vw, 150px\" \/><\/a>\n\t\t\t<\/div>\n\t\t\t\t<figcaption class='wp-caption-text gallery-caption' id='gallery-1-552'>\n\t\t\t\tFPV Kamerahalterung Hinten\n\t\t\t\t<\/figcaption><\/figure><figure class='gallery-item'>\n\t\t\t<div class='gallery-icon landscape'>\n\t\t\t\t<a href='https:\/\/www.arvid-bauer.de\/data\/wp-content\/uploads\/2016\/06\/IMG_2296.jpg' title=\"\" data-rl_title=\"\" class=\"rl-gallery-link\" data-rl_caption=\"\" data-rel=\"lightbox-gallery-1\"><img loading=\"lazy\" decoding=\"async\" width=\"150\" height=\"150\" src=\"https:\/\/www.arvid-bauer.de\/data\/wp-content\/uploads\/2016\/06\/IMG_2296-150x150.jpg\" class=\"attachment-thumbnail size-thumbnail\" alt=\"FPV Kamerahalterung Vorn\" aria-describedby=\"gallery-1-550\" srcset=\"https:\/\/www.arvid-bauer.de\/data\/wp-content\/uploads\/2016\/06\/IMG_2296-150x150.jpg 150w, https:\/\/www.arvid-bauer.de\/data\/wp-content\/uploads\/2016\/06\/IMG_2296-60x60.jpg 60w\" sizes=\"auto, (max-width: 150px) 100vw, 150px\" \/><\/a>\n\t\t\t<\/div>\n\t\t\t\t<figcaption class='wp-caption-text gallery-caption' id='gallery-1-550'>\n\t\t\t\tFPV Kamerahalterung Vorn\n\t\t\t\t<\/figcaption><\/figure>\n\t\t<\/div>\n\n<p>Im Lieferumfang enthalten\u00a0ist der Grundtr\u00e4ger, welcher individuell auf meinen Frame angepasst wurde, der Kameratr\u00e4ger f\u00fcr die FatShark sowie die zur Befestigung ben\u00f6tigte Skt-Schraube mit Mutter und zwei passende Kabelbinder. Im Grunde ist also alles dabei und es kann direkt\u00a0mit dem Einbau losgehen.<\/p>\n<h3>Einbau der Kamerahalterung<\/h3>\n<p>Der Einbau geht grundlegend schnell von der Hand, denn die Kamerahalterung wird ganz einfach auf die bestehenden zwei vorderen Aluminumstreben des Racecopter Frames gesteckt. Hat man genug Platz unter der Haube, muss eigentlich nur noch die Kamera in die Halterung gelegt werden, Kabelbinder festzurren, ausrichten, anschlie\u00dfen, den Frame wieder zusammen schrauben und ab geht der Copter!<\/p>\n<div id='gallery-2' class='gallery galleryid-541 gallery-columns-4 gallery-size-thumbnail'><figure class='gallery-item'>\n\t\t\t<div class='gallery-icon landscape'>\n\t\t\t\t<a href='https:\/\/www.arvid-bauer.de\/data\/wp-content\/uploads\/2016\/06\/IMG_2293.jpg' title=\"\" data-rl_title=\"\" class=\"rl-gallery-link\" data-rl_caption=\"\" data-rel=\"lightbox-gallery-2\"><img loading=\"lazy\" decoding=\"async\" width=\"150\" height=\"150\" src=\"https:\/\/www.arvid-bauer.de\/data\/wp-content\/uploads\/2016\/06\/IMG_2293-150x150.jpg\" class=\"attachment-thumbnail size-thumbnail\" alt=\"Frame ohne Kamerahalterung\" aria-describedby=\"gallery-2-549\" srcset=\"https:\/\/www.arvid-bauer.de\/data\/wp-content\/uploads\/2016\/06\/IMG_2293-150x150.jpg 150w, https:\/\/www.arvid-bauer.de\/data\/wp-content\/uploads\/2016\/06\/IMG_2293-60x60.jpg 60w\" sizes=\"auto, (max-width: 150px) 100vw, 150px\" \/><\/a>\n\t\t\t<\/div>\n\t\t\t\t<figcaption class='wp-caption-text gallery-caption' id='gallery-2-549'>\n\t\t\t\tFrame ohne Kamerahalterung\n\t\t\t\t<\/figcaption><\/figure><figure class='gallery-item'>\n\t\t\t<div class='gallery-icon landscape'>\n\t\t\t\t<a href='https:\/\/www.arvid-bauer.de\/data\/wp-content\/uploads\/2016\/06\/IMG_2292.jpg' title=\"\" data-rl_title=\"\" class=\"rl-gallery-link\" data-rl_caption=\"\" data-rel=\"lightbox-gallery-2\"><img loading=\"lazy\" decoding=\"async\" width=\"150\" height=\"150\" src=\"https:\/\/www.arvid-bauer.de\/data\/wp-content\/uploads\/2016\/06\/IMG_2292-150x150.jpg\" class=\"attachment-thumbnail size-thumbnail\" alt=\"Einbau Kamerahalterung\" aria-describedby=\"gallery-2-548\" srcset=\"https:\/\/www.arvid-bauer.de\/data\/wp-content\/uploads\/2016\/06\/IMG_2292-150x150.jpg 150w, https:\/\/www.arvid-bauer.de\/data\/wp-content\/uploads\/2016\/06\/IMG_2292-60x60.jpg 60w\" sizes=\"auto, (max-width: 150px) 100vw, 150px\" \/><\/a>\n\t\t\t<\/div>\n\t\t\t\t<figcaption class='wp-caption-text gallery-caption' id='gallery-2-548'>\n\t\t\t\tEinbau Kamerahalterung\n\t\t\t\t<\/figcaption><\/figure><figure class='gallery-item'>\n\t\t\t<div class='gallery-icon landscape'>\n\t\t\t\t<a href='https:\/\/www.arvid-bauer.de\/data\/wp-content\/uploads\/2016\/06\/IMG_2288.jpg' title=\"\" data-rl_title=\"\" class=\"rl-gallery-link\" data-rl_caption=\"\" data-rel=\"lightbox-gallery-2\"><img loading=\"lazy\" decoding=\"async\" width=\"150\" height=\"150\" src=\"https:\/\/www.arvid-bauer.de\/data\/wp-content\/uploads\/2016\/06\/IMG_2288-150x150.jpg\" class=\"attachment-thumbnail size-thumbnail\" alt=\"3D Druck Kamerahalterung Einbau\" aria-describedby=\"gallery-2-546\" srcset=\"https:\/\/www.arvid-bauer.de\/data\/wp-content\/uploads\/2016\/06\/IMG_2288-150x150.jpg 150w, https:\/\/www.arvid-bauer.de\/data\/wp-content\/uploads\/2016\/06\/IMG_2288-60x60.jpg 60w\" sizes=\"auto, (max-width: 150px) 100vw, 150px\" \/><\/a>\n\t\t\t<\/div>\n\t\t\t\t<figcaption class='wp-caption-text gallery-caption' id='gallery-2-546'>\n\t\t\t\t3D Druck Kamerahalterung Einbau\n\t\t\t\t<\/figcaption><\/figure><figure class='gallery-item'>\n\t\t\t<div class='gallery-icon landscape'>\n\t\t\t\t<a href='https:\/\/www.arvid-bauer.de\/data\/wp-content\/uploads\/2016\/06\/IMG_2303.jpg' title=\"\" data-rl_title=\"\" class=\"rl-gallery-link\" data-rl_caption=\"\" data-rel=\"lightbox-gallery-2\"><img loading=\"lazy\" decoding=\"async\" width=\"150\" height=\"150\" src=\"https:\/\/www.arvid-bauer.de\/data\/wp-content\/uploads\/2016\/06\/IMG_2303-150x150.jpg\" class=\"attachment-thumbnail size-thumbnail\" alt=\"Einbau Kamerahalterung\" aria-describedby=\"gallery-2-544\" srcset=\"https:\/\/www.arvid-bauer.de\/data\/wp-content\/uploads\/2016\/06\/IMG_2303-150x150.jpg 150w, https:\/\/www.arvid-bauer.de\/data\/wp-content\/uploads\/2016\/06\/IMG_2303-60x60.jpg 60w\" sizes=\"auto, (max-width: 150px) 100vw, 150px\" \/><\/a>\n\t\t\t<\/div>\n\t\t\t\t<figcaption class='wp-caption-text gallery-caption' id='gallery-2-544'>\n\t\t\t\tEinbau Kamerahalterung\n\t\t\t\t<\/figcaption><\/figure>\n\t\t<\/div>\n\n<p>Damit bei mir alles tippi top passte, musste ich bei meinem Copter lediglich den Empf\u00e4nger etwas umpositionieren. Das war bei mir eine Sache von 5 Minuten und eigentlich nicht der Rede wert.<\/p>\n<p>Durch die Trennung von Grundtr\u00e4ger und Kameratr\u00e4ger erm\u00f6glicht die Halterung eine Verstellung der Kamera in einem Winkel von 0\u00b0 bis 45\u00b0. Das ist auf jedenfall \u00e4u\u00dferst n\u00fctzlich und war mit meiner alten Kabelbinderbefestigung so nicht m\u00f6glich. Jetantriebe.de gibt an, dass bei einer Neigung der Kamera \u00fcber 20\u00b0, der Frame unter Umst\u00e4nden angepasst werden muss. Das war bei mir bis jetzt jedoch nicht notwendig und so habe ich freie Sicht auch mit angewinkelter Kamera. Wer seinen Frame dennoch bearbeiten m\u00f6chte, sollte sich vor dem entstehenden Carbonstaub ausreichend sch\u00fctzen, denn dieser ist gesundheitssch\u00e4dlich!<\/p>\n<h3>Qualit\u00e4t<\/h3>\n<p>Die Kamerahalterung macht einen wirklich soliden Eindruck. Wenn man es nicht w\u00fcsste, w\u00fcrde man kaum vermuten, dass diese aus einem 3D Drucker stammt, denn die typischen Spuren, wie man sie sonst von einem gew\u00f6hnlichen 3D Druck her kennt, gibt es hier nicht. Die Oberfl\u00e4che ist glatt, gl\u00e4nzend und f\u00fchlt sich sehr hochwertig an. Wie die das bei jetantriebe.de gemacht haben? Keine Ahnung.<\/p>\n<p>Sehr erfreulich ist aber auf jeden Fall, dass beim Druck ABS (Acrylnitril-Butadien-Styrol) Kunststoff zum Einsatz kommt. Dieser wird unter anderem auch in der Automobilindustrie eingesetzt und ist gegen\u00fcber dem g\u00fcnstigeren PLA (Polylactid) Kunststoff weitaus strapazierf\u00e4higer und best\u00e4ndiger. So sollte die Kamerahalterung auch heftigere Einschl\u00e4ge\u00a0unbeschadet \u00fcberstehen.<br \/>\n<script async src=\"\/\/pagead2.googlesyndication.com\/pagead\/js\/adsbygoogle.js\"><\/script><br \/>\n<!-- Standard_Blogbeitrag --><br \/>\n<ins class=\"adsbygoogle\" style=\"display: block;\" data-ad-client=\"ca-pub-2369126309634991\" data-ad-slot=\"4962487667\" data-ad-format=\"auto\"><\/ins><br \/>\n<script>\n(adsbygoogle = window.adsbygoogle || []).push({});\n<\/script><\/p>\n<h3>Fazit<\/h3>\n<p>Nat\u00fcrlich habe ich die Halterung direkt ausprobiert und kann sagen, dass sie bis jetzt hervorragend ihren Dienst verrichtet. Man sollte aber auf jeden Fall darauf achten, dass die Kamera richtig verzurrt ist. Zu Beginn hatte ich den mitgelieferten Kabelbinder und die Schraubverbindung nicht fest genug angezogen. Dadurch kam es zu starken Vibrationen der Kamera, was ein Fliegen unm\u00f6glich machte. Nachdem ich alles noch einmal nachgezogen hatte und die Kamera zus\u00e4tzlich mit einem St\u00fcck doppelseitigem Klebeband mit dem Kameratr\u00e4ger verbunden hatte, war davon jedoch nichts mehr zu sp\u00fcren. Die unz\u00e4hligen Kabelbinder k\u00f6nnen mir also von nun an gestohlen bleiben.<\/p>\n<p>Auch die ein oder andere unfreiwillige Bruchlandung hat weder der Kamerhalterung noch der Fixierung der Kamera geschadet. Es sitzt alles fest.<\/p>\n<p>W\u00fcrde ich bei jetantrieb.de nochmal bestellen? Auf jeden Fall! F\u00fcr einen Preis von 18 Euro, der Sonderanfertigung speziell f\u00fcr meinen Frame und der super Qualit\u00e4t gibt es absolut nichts zu meckern. Hat man einen Frame, wie den ZMR250 oder den LS210, der schon im Shop vorhanden ist, zahlt man f\u00fcr Kamera- oder Antennenhalterung sogar noch weniger. Meine Empfehlung!<\/p>\n<p>&nbsp;<\/p>","protected":false},"excerpt":{"rendered":"<p>Es ist soweit! Das Warten hat ein Ende, die schlaflosen N\u00e4chte sind vorbei, die nerv\u00f6se Unruhe verflogen, denn nachdem ich meinen DTI Diatone Silver Blade 250 Frame vermessen und die erforderlichen Daten an jetantriebe.de geschickt habe, kam innerhalb von nur einer Woche die Sonderanfertigung meiner Kamerahalterung zu mir nach Hause. Mein erster\u00a0Eindruck? Sieht wirklich danach [&hellip;]<\/p>\n","protected":false},"author":1,"featured_media":554,"comment_status":"open","ping_status":"open","sticky":false,"template":"","format":"standard","meta":{"footnotes":""},"categories":[32,5],"tags":[36,38,39,43,40,42,24,41],"class_list":["post-541","post","type-post","status-publish","format-standard","has-post-thumbnail","hentry","category-erfahrungsbericht","category-racecopter","tag-3d-druck","tag-kamera","tag-kamerahalterung","tag-ls210","tag-pdb","tag-qav","tag-racecopter","tag-zmr250"],"_links":{"self":[{"href":"https:\/\/www.arvid-bauer.de\/data\/wp-json\/wp\/v2\/posts\/541","targetHints":{"allow":["GET"]}}],"collection":[{"href":"https:\/\/www.arvid-bauer.de\/data\/wp-json\/wp\/v2\/posts"}],"about":[{"href":"https:\/\/www.arvid-bauer.de\/data\/wp-json\/wp\/v2\/types\/post"}],"author":[{"embeddable":true,"href":"https:\/\/www.arvid-bauer.de\/data\/wp-json\/wp\/v2\/users\/1"}],"replies":[{"embeddable":true,"href":"https:\/\/www.arvid-bauer.de\/data\/wp-json\/wp\/v2\/comments?post=541"}],"version-history":[{"count":33,"href":"https:\/\/www.arvid-bauer.de\/data\/wp-json\/wp\/v2\/posts\/541\/revisions"}],"predecessor-version":[{"id":1196,"href":"https:\/\/www.arvid-bauer.de\/data\/wp-json\/wp\/v2\/posts\/541\/revisions\/1196"}],"wp:featuredmedia":[{"embeddable":true,"href":"https:\/\/www.arvid-bauer.de\/data\/wp-json\/wp\/v2\/media\/554"}],"wp:attachment":[{"href":"https:\/\/www.arvid-bauer.de\/data\/wp-json\/wp\/v2\/media?parent=541"}],"wp:term":[{"taxonomy":"category","embeddable":true,"href":"https:\/\/www.arvid-bauer.de\/data\/wp-json\/wp\/v2\/categories?post=541"},{"taxonomy":"post_tag","embeddable":true,"href":"https:\/\/www.arvid-bauer.de\/data\/wp-json\/wp\/v2\/tags?post=541"}],"curies":[{"name":"wp","href":"https:\/\/api.w.org\/{rel}","templated":true}]}}